{"id":127,"date":"2010-05-25T16:34:00","date_gmt":"2010-05-25T16:34:00","guid":{"rendered":"http:\/\/hanif.de\/?p=127"},"modified":"2024-10-17T09:23:40","modified_gmt":"2024-10-17T09:23:40","slug":"reform-des-islamischen-kalenders-teil-2","status":"publish","type":"post","link":"https:\/\/hanif.de\/?p=127","title":{"rendered":"Reform des Islamischen Kalenders (Teil 2)"},"content":{"rendered":"\r\n<p>Im Namen Gottes, Des Erbarmers, Des Gn\u00e4digen<\/p>\r\n\r\n\r\n\r\n<p><a href=\"https:\/\/hanif.de\/?p=130\">Teil 1<\/a>, Teil 2<\/p>\r\n\r\n\r\n\r\n<p>Nachdem wir das Thema (<strong><a href=\"https:\/\/hanif.de\/?p=130\">Reform des islamischen Kalenders \u2013 Teil 1<\/a><\/strong>) ver\u00f6ffentlicht haben, fanden wir noch andere 2 wertvolle Berichte \u00fcber Neu\u00fcberlegungen zur Reform des islamischen Kalenders.<\/p>\r\n\r\n\r\n\r\n<p>Der erste Bericht stammt von <a href=\"http:\/\/www.free-minds.org\/sites\/default\/files\/TNR.pdf\">Free-minds.org<\/a> mit dem Titel (The Natural Republic) im 13. Abschnitt (The Calendar System)\u00a0<\/p>\r\n\r\n\r\n\r\n<p>Und der zweite Bericht stammt von einem neu ver\u00f6ffentlichten arabischen Buch Namens (<strong>Nasya, der Ausgleichsmonat<\/strong>) geschrieben von &#8220;<strong>Niazy Izz Eldin<\/strong>&#8221; und im Forum \u201e<a href=\"http:\/\/www.forum.3almani.org\/viewtopic.php?f=11&amp;t=1326\">Der arabischen Elmanien<\/a>\u201c in 4 Kapiteln ver\u00f6ffentlicht worden ist:\u00a0<\/p>\r\n\r\n\r\n\r\n<p>Diese 2 Berichte und auch unser Bericht sind in verschiedenen Hinsichten sehr \u00e4hnlich, besonders im Bezug auf Naturgesetze, die wir als Gl\u00e4ubige beachten und respektieren sollen. Die einzigen Unterschiede zwischen den Berichten liegen in der Sichtweise, die wir hier zeigen m\u00f6chten. Doch letztendlich fordern all diese Denker, dass sich die Verantwortlichen Gedanken \u00fcber den islamischen Kalender neu anstellen sollen.<\/p>\r\n\r\n\r\n\r\n<p><strong>Das Buch \u201eNasya\u201c<\/strong><\/p>\r\n\r\n\r\n\r\n<blockquote>\r\n<p>[9:37] Der Brauch des <strong>verschobenen Monats (Nasya)<\/strong> zeugt von mehr Unglauben. <strong>Damit werden diejenigen, die ungl\u00e4ubig sind, irregef\u00fchrt,<\/strong> so dass sie ihn in einem Jahr f\u00fcr profan und in einem (anderen) Jahr f\u00fcr heilig erkl\u00e4ren, um die Zahl dessen, was Gott f\u00fcr heilig erkl\u00e4rt hat, auszugleichen; so erkl\u00e4ren sie f\u00fcr profan, was Gott f\u00fcr heilig erkl\u00e4rt hat. Ihr schlechtes Tun ist ihnen verlockend gemacht worden. Gott leitet die ungl\u00e4ubigen Leute nicht recht.<br \/><em>(\u00dcbersezung: Adel Khoury)<\/em><\/p>\r\n<\/blockquote>\r\n\r\n\r\n\r\n<p>Der Schriftsteller des Buches &#8220;<strong>Niazy Izz Eldin<\/strong>&#8221; kam zur \u00dcberzeugung, dass das Wort &#8220;<strong>Nasya<\/strong>&#8221; (in Vers 9:37) um einen bestimmten Monat handelt, der von den Arabern als Ausgleichmonat verstanden wurde. Das bedeutet, dass die Menschen in der damaligen Zeit; sowie bei anderen V\u00f6lkern; einen Monat hatten, den sie alle <strong>3 Lunarjahren<\/strong> eingef\u00fcgt haben, um Lunar- und Solarjahre wieder auszugleichen zu k\u00f6nnen. Dieser Monat wurde \u201e<strong>Nasya<\/strong>\u201c genannt, was <em>(Das in Vergessenheit geratene) <\/em>bedeutet.<\/p>\r\n\r\n\r\n\r\n<p>Das Missverst\u00e4ndnis, das Nasya-System diene \u2013 laut Vers 9:37 \u2013 zur Irref\u00fchrung anderer, beruht nur auf die diakritischen Zeichen, die die Menschen im 2. Jahrhundert islamischer Zeitrechnung zum koranischen Text eingef\u00fcgt haben, und die auch leider nicht immer exakt aufgesetzt worden sind. Denn ohne diese Zeichen ist es m\u00f6glich, den Vers auch anders lesen bzw.\u00a0 verstehen zu k\u00f6nnen:<\/p>\r\n\r\n\r\n\r\n<blockquote>\r\n<p>[9:37] Der vergessene Monat (<strong>Nasya<\/strong>) ist eine Zunahme an Unglaube,<strong> da die Ungl\u00e4ubigen ihn zu Irref\u00fchrung nutzen<\/strong>, indem sie ihn im ersten Mondjahr (\u00c1am) gebieten und im n\u00e4chsten verbieten \u2026..<\/p>\r\n<\/blockquote>\r\n\r\n\r\n\r\n<p>Durch diese neue Sichtweise ist es zu verstehen, dass das Nasya-System im Grund recht n\u00fctzlich f\u00fcr uns ist, wenn man die Regel f\u00fcr das Einsetzen des Monats kennt. Nur bedauerlicherweise wird es von den Menschen missbraucht, in dem sie auf die Ungl\u00e4ubigen zuh\u00f6ren, die diesen Monat einfach weglassen oder verschieben, wie es ihnen passt.<\/p>\r\n\r\n\r\n\r\n<p>Wie wir wissen, ist der Solarkalender nur dadurch entstanden, weil die Tage in vielen Gebieten auf der Erde und insbesondere Europa meistens bew\u00f6lkt sind, sodass die Orientierung auf die Mondzyklen nicht immer gew\u00e4hrleistet werden kann. Der Sonnenkalender musste erst durch viele Reformen korrigiert werden, bis wir den heutigen sog. Gregorianischen Kalender erreicht haben. Doch auch dieser ist nicht so perfekt wie die Mondzyklen, falls wir den Ausgleichsmonat (Nasya) dabei nicht vergessen.<\/p>\r\n\r\n\r\n\r\n<p>Ein metonischer Zyklus (<strong>19 <\/strong>Sonnenjahre) w\u00fcrde in diesem Fall <strong>228 (19*12) <\/strong>Solarmonate ergeben oder genau <strong>235 <\/strong>Lunarmonate (<strong>7<\/strong> davon sind Ausgleichsmonate: <strong>Nasya<\/strong>).<\/p>\r\n\r\n\r\n\r\n<p><a href=\"http:\/\/de.wikipedia.org\/wiki\/Meton-Zyklus\">http:\/\/de.wikipedia.org\/wiki\/Meton-Zyklus<\/a><\/p>\r\n\r\n\r\n\r\n<p><strong>Beweise aus der Geschichte<br \/>Der Jarmuk-Krieg <\/strong>(<a href=\"http:\/\/de.wikipedia.org\/wiki\/Schlacht_am_Jarmuk\">http:\/\/de.wikipedia.org\/wiki\/Schlacht_am_Jarmuk<\/a>)<\/p>\r\n\r\n\r\n\r\n<p>Der Krieg zwischen den Byzantinern und den islamischen Heeren ereignete sich laut christlicher Quellen am <strong>20.08.636<\/strong>, Ort: Jordanien am Fluss \u201eJarmuk\u201c,Islamischer Zeitrechnung <em>(Laut arabischer Berichte)<\/em> traf er am <strong>27.05.15<\/strong> n.H. (Nach Hijra).<\/p>\r\n\r\n\r\n\r\n<p>Die beiden Daten, die wir hier haben beweisen, dass islamische und christliche Datierungen tats\u00e4chlich miteinander \u00fcbereinstimmen, doch nur, wenn Muslime in den ersten 15 Jahren nach Hijra das Nasya-System angewandt haben, ansonsten w\u00fcrden wir eine Differenz von <strong>165 <\/strong>Tagen (15*11) haben, die in den Datierungen der beiden Quellen nirgendwo auftauchen.<\/p>\r\n\r\n\r\n\r\n<p>Diese \u00dcbereinstimmigkeit der Daten beweist, dass das Nasya-System in der Lebzeit des Propheten und auch einige Jahre nach seinem Tod bekannt war, bis es irgendwann am Ende des ersten Jahrhunderts <em>(islam. Zeit) <\/em>dazu kam, dass das System v\u00f6llig aus dem islamischen Kalender verschwand.<\/p>\r\n\r\n\r\n\r\n<p><strong>Die heilige Nacht<\/strong><\/p>\r\n\r\n\r\n\r\n<p>Die 3 Berichte \u00fcber die Reform des islamischen Kalenders stimmen \u00fcberein, dass der Fastenmonat \u201eRamadan\u201c zwischen Ende August und Ende September\/Anfang Oktober liegen muss.<\/p>\r\n\r\n\r\n\r\n<p>Free-mind f\u00fcgte dazu, dass die Heilige Nacht, die im Koran erw\u00e4hnt wurde<em> (Siehe Sura 97 \u201eDie Schicksalsnacht\u201c),<\/em> mit der heiligen Nacht; die Geburt Jesus; \u00fcbereinstimmt. Der Koran beweist, dass die Geburt Jesus in einer Zeit gewesen war, die mit der Reifezeit und Ernte der Datteln zu tun hat:<\/p>\r\n\r\n\r\n\r\n<p>19:25 (Maria) <strong>Sch\u00fcttle nur den Stamm der Palme gegen dich, sie wird frische reife Datteln auf dich fallen lassen<\/strong>.<\/p>\r\n\r\n\r\n\r\n<p>In der j\u00fcdischen Religion ist diese Zeit ein Ereignis besonderer Art, in der geerntet, gefastet, gefeiert und danach die Felder f\u00fcr die n\u00e4chste Saison vorbereitet:<\/p>\r\n\r\n\r\n\r\n<p><a href=\"http:\/\/bibelarbeit.privat.t-online.de\/1men\/i_israel_jahreszeiten%20in%20Israel.htm\">http:\/\/bibelarbeit.privat.t-online.de\/1men\/i_israel_jahreszeiten%20in%20Israel.htm<\/a><\/p>\r\n\r\n\r\n\r\n<p><strong>Elul<\/strong>: August\/September<\/p>\r\n\r\n\r\n\r\n<p>Abschluss der Traubenernte, Granat\u00e4pfel, Mandeln, Datteln, Oliven<\/p>\r\n\r\n\r\n\r\n<p>(Ethanim) <strong>Tischri:<\/strong> September\/Oktober der heilige Festmonat<\/p>\r\n\r\n\r\n\r\n<p>1. Neumondsabbat (Drommetentag, Neujahrstag im Sp\u00e4tjudentum)<br \/>3. Fasten wegen der Ermordung Gedaljas 2. K\u00f6nige 25, 25<br \/>10. gro\u00dfer Vers\u00f6hnungstag jom hakkeppurim<br \/>15.-21 (noch kann man im Freien bleiben) Laubh\u00fcttenfest: das fr\u00f6hlichste der 3 Hauptfeste. Es wird zum Gedenken an die Bewahrung der in 40-j\u00e4hrigen W\u00fcstenzeit gedacht. Gleichzeitig werden die Erstlingsgaben von Wein und \u00d6l (Erntedankfest, Herbstsegen).<br \/>22. der gro\u00dfe Tag der heiligen Versammlung vgl. Nehemia 8, 18. Im Sabbatjahr, wenn nicht geerntet wurde, wurde anstatt des Opfers zu bringen, aus dem Gesetz vorgelesen.<\/p>\r\n\r\n\r\n\r\n<p>Oliven- und Dattelernte, Fr\u00fchregen, Pfl\u00fcgen, S\u00e4hen und Pflanzen, die Regenzeit beginnt.<\/p>\r\n\r\n\r\n\r\n<p>Auch Vers 19:27 zeigt, dass Maria in dieser Zeit dem Erbarmer <strong>ein Fasten<\/strong> gelobt, bei dem sie v\u00f6llig schweigt:<\/p>\r\n\r\n\r\n\r\n<blockquote>\r\n<p>19:27 Dann iss und trink und sei frohen Mutes. Und wenn du jemanden von den Menschen siehst, dann sag: <strong>Ich habe dem Erbarmer ein Fasten gelobt, so werde ich heute mit keinem Menschen reden<\/strong>.\u00ab<\/p>\r\n<\/blockquote>\r\n\r\n\r\n\r\n<p>Salam<\/p>\r\n","protected":false},"excerpt":{"rendered":"<p>Im Namen Gottes, Des Erbarmers, Des Gn\u00e4digen Teil 1, Teil 2 Nachdem wir das Thema (Reform des islamischen Kalenders \u2013 Teil 1) ver\u00f6ffentlicht haben, fanden wir noch andere 2 wertvolle Berichte \u00fcber Neu\u00fcberlegungen zur Reform des islamischen Kalenders. Der erste Bericht stammt von Free-minds.org mit dem Titel (The Natural Republic) [&hellip;]<\/p>\n","protected":false},"author":1,"featured_media":0,"comment_status":"closed","ping_status":"open","sticky":false,"template":"","format":"standard","meta":{"footnotes":""},"categories":[98],"tags":[51,103,100,102,99,101],"class_list":["post-127","post","type-post","status-publish","format-standard","hentry","category-verschiedene-themen","tag-islam","tag-jahr","tag-kalender","tag-monat","tag-reform","tag-tag"],"_links":{"self":[{"href":"https:\/\/hanif.de\/index.php?rest_route=\/wp\/v2\/posts\/127","targetHints":{"allow":["GET"]}}],"collection":[{"href":"https:\/\/hanif.de\/index.php?rest_route=\/wp\/v2\/posts"}],"about":[{"href":"https:\/\/hanif.de\/index.php?rest_route=\/wp\/v2\/types\/post"}],"author":[{"embeddable":true,"href":"https:\/\/hanif.de\/index.php?rest_route=\/wp\/v2\/users\/1"}],"replies":[{"embeddable":true,"href":"https:\/\/hanif.de\/index.php?rest_route=%2Fwp%2Fv2%2Fcomments&post=127"}],"version-history":[{"count":4,"href":"https:\/\/hanif.de\/index.php?rest_route=\/wp\/v2\/posts\/127\/revisions"}],"predecessor-version":[{"id":1643,"href":"https:\/\/hanif.de\/index.php?rest_route=\/wp\/v2\/posts\/127\/revisions\/1643"}],"wp:attachment":[{"href":"https:\/\/hanif.de\/index.php?rest_route=%2Fwp%2Fv2%2Fmedia&parent=127"}],"wp:term":[{"taxonomy":"category","embeddable":true,"href":"https:\/\/hanif.de\/index.php?rest_route=%2Fwp%2Fv2%2Fcategories&post=127"},{"taxonomy":"post_tag","embeddable":true,"href":"https:\/\/hanif.de\/index.php?rest_route=%2Fwp%2Fv2%2Ftags&post=127"}],"curies":[{"name":"wp","href":"https:\/\/api.w.org\/{rel}","templated":true}]}}