{"id":334,"date":"2014-09-14T00:21:18","date_gmt":"2014-09-14T00:21:18","guid":{"rendered":"http:\/\/hanif.de\/?p=334"},"modified":"2022-10-15T00:22:20","modified_gmt":"2022-10-15T00:22:20","slug":"feiertage-im-koran","status":"publish","type":"post","link":"https:\/\/hanif.de\/?p=334","title":{"rendered":"Feiertage im Koran"},"content":{"rendered":"<p><img decoding=\"async\" style=\"float: left; height: 129px; margin-left: 5px; margin-right: 5px; width: 220px;\" src=\"http:\/\/upload.wikimedia.org\/wikipedia\/commons\/thumb\/7\/7e\/Italo-Byzantinischer_Meister_002.jpg\/220px-Italo-Byzantinischer_Meister_002.jpg\" alt=\"\" \/>Im Namen Gottes Des Erbarmers Des Gn\u00e4digen<\/p>\n<p>Muslime aus der ganzen Welt haben haupts\u00e4chlich zwei gro\u00dfe Feiertage, die in jedem lunaren Kalenderjahr gefeiert werden, das Fest des Fastenbrechens (Aid Al-Iftar <big><span style=\"font-family: tahoma,geneva,sans-serif;\">\u0639\u064a\u062f \u0627\u0644\u0627\u0641\u0637\u0627\u0631<\/span><\/big>) und das Opferfest (Aid Al-Adha<big><span style=\"font-family: tahoma,geneva,sans-serif;\"> \u0639\u064a\u062f \u0627\u0644\u0627\u0636\u062d\u0649 <\/span><\/big>). Es gibt sicher andere Feiertage, die von vielen Muslimen gefeiert werden, wie &#8220;Die Geburt Mohammeds&#8221; oder der sogenannte &#8220;Aschurah&#8221;, bei welchen die Muslime jedoch uneinig sind, wie die genaue Datierung dieser Feste ist.<\/p>\n<p>In unserem Beitrag wollen wir nicht genauer darauf eingehen, wie und woher dieser Feiertage stammen, sondern ob ein Feiertag seinen festen Bestandteil im Koran findet. Deshalb begn\u00fcgen wir uns mit einer kurzen Beschreibung der beiden gro\u00dfen Feste\u00a0und schauen, was Gott dazu im Koran sagt.<\/p>\n<p>&nbsp;<\/p>\n<h2>Das Fest des Fastenbrechens<\/h2>\n<p>Das Fest des Fastenbrechens ereignet sich Anfang des 10. Mondzyklus (der Monat Schawwal <big><span style=\"font-family: tahoma,geneva,sans-serif;\">\u0634\u0648\u0627\u0644 <\/span><\/big>) eines lunaren Jahres und dauert insgesamt 3 Tage. Hier feiern die Muslime die \u00dcberstehung der Fastenzeit, die einen ganzen\u00a0Monat andauerte (vom 1.9 bis 1.10) und\u00a0in welchem sie tags\u00fcber weder Essen noch Trinken zu sich nahmen und erst nach Sonnenuntergang essen und trinken durften. Menschen, ob Verwandte oder Freunde, laden sich gegenseitig zu einer angemessenen Mahlzeit ein, Tiere werden geschlachtet und das Fleisch wird an armen Menschen verteilt.\u00a0Kinder d\u00fcrfen mit ihren neuen Kleidungen die Jahrm\u00e4rkte besuchen und sich austoben.<\/p>\n<p>&nbsp;<\/p>\n<h2>Das Opferfest<\/h2>\n<p>Das Opferfest ereignet sich am 10. Tag der 12. Mondzyklus eines lunaren Jahres. So wie der Name sagt (Zo Al-Hijja<span style=\"font-family: tahoma,geneva,sans-serif;\"> <big>\u0630\u0648 \u0627\u0644\u062d\u062c\u0629 <\/big><\/span>), ist es die Zeit des gro\u00dfen Pilgerns der Muslime nach Mekka, in der sie ihre heiligen Rituale verrichten und anschlie\u00dfend ein Tier opfern als Gedenken an die Geschichte Abrahams, der beinah seinen geliebten Sohn f\u00fcr Gottes Sache geopfert h\u00e4tte. Doch Gott lie\u00df es nicht zu und befahl ihm, stattdessen ein Widder zu opfern.<\/p>\n<p>&nbsp;<\/p>\n<h2>Das arabische Wort Aid (Feiertag)<\/h2>\n<p>Das arabische Wort &#8220;Aid&#8221; ist im Deutschen als &#8220;Feiertag&#8221; \u00fcbersetzt, doch eigentlich stammt das Wort eher aus der Wurzel <span style=\"font-family: tahoma,geneva,sans-serif;\"><big>\u0639\u062f <\/big><\/span>[Adda] und bedeutet (z\u00e4hlen, wiederholen oder auch (vor-)bereiten). Ein AID ist so zu sagen ein Ereignis, das sich jedes Jahr um die gleiche Zeit wiederholt.<\/p>\n<p>Die Verse 5:113-114 im Koran besagen, dass die J\u00fcnger Jesus einen Beweis f\u00fcr die Glaubhaftigkeit seines Prophetentums verlangten, in dem er ein Mahl aus dem Himmel herunterbringen soll. Das Mahl dient dann zum Feiern dieses Ereignisses und als Erinnerung f\u00fcr die Menschen. Wenn sie aber danach vergessen und wieder leugnen, dann soll die Strafe Gottes sie treffen:<\/p>\n<blockquote><p>5:113 Sie sagten: \u00bbWir wollen davon essen, so dass\u00a0unsere Herzen Ruhe finden und dass\u00a0wir wissen, dass\u00a0du uns die Wahrheit gesagt hast, und dass\u00a0wir zu denen geh\u00f6ren, die dar\u00fcber Zeugnis geben.\u00ab<br \/>\n5:114 Jesus, der Sohn Marias, sagte: \u00bb O Gott, unser Herr, sende auf uns einen Tisch vom Himmel herab, dass\u00a0er f\u00fcr uns, f\u00fcr den ersten von uns und den letzten von uns, <strong>ein Fest (oder Feiertag &#8220;AID&#8221;) sei<\/strong>, und ein Zeichen von Dir. Und versorge uns. Du bist der beste Versorger.\u00ab<br \/>\n5:115 Gott sprach: \u00bbIch werde ihn auf euch hinabsenden. Wer von euch hernach ungl\u00e4ubig wird, den werde Ich mit einer Pein peinigen, mit der Ich keinen von den Weltenbewohnern peinige.\u00ab<\/p><\/blockquote>\n<p>Im Grund versteht man, dass Feiertage einem\u00a0guten Zweck dienen und zwar,<\/p>\n<ol>\n<li>sie halten die Gemeinde zusammen<\/li>\n<li>man bedient sich bzw. verabreicht von den Gaben Gottes als Dankbarkeit, so wie bspw. bei einem Erntedankfest<\/li>\n<li>und man erinnert sich an die Zeichen Gottes, so wie im Falle Abrahams mit seinem Sohn<\/li>\n<\/ol>\n<p>Salam<\/p>\n","protected":false},"excerpt":{"rendered":"<p>Im Namen Gottes Des Erbarmers Des Gn\u00e4digen Muslime aus der ganzen Welt haben haupts\u00e4chlich zwei gro\u00dfe Feiertage, die in jedem lunaren Kalenderjahr gefeiert werden, das Fest des Fastenbrechens (Aid Al-Iftar \u0639\u064a\u062f \u0627\u0644\u0627\u0641\u0637\u0627\u0631) und das Opferfest (Aid Al-Adha \u0639\u064a\u062f \u0627\u0644\u0627\u0636\u062d\u0649 ). Es gibt sicher andere Feiertage, die von vielen Muslimen gefeiert [&hellip;]<\/p>\n","protected":false},"author":1,"featured_media":0,"comment_status":"closed","ping_status":"open","sticky":false,"template":"","format":"standard","meta":{"footnotes":""},"categories":[3],"tags":[184,181,182,51,183],"class_list":["post-334","post","type-post","status-publish","format-standard","hentry","category-lehren-des-koran","tag-aid","tag-feiertage","tag-feste","tag-islam","tag-ramadan"],"_links":{"self":[{"href":"https:\/\/hanif.de\/index.php?rest_route=\/wp\/v2\/posts\/334","targetHints":{"allow":["GET"]}}],"collection":[{"href":"https:\/\/hanif.de\/index.php?rest_route=\/wp\/v2\/posts"}],"about":[{"href":"https:\/\/hanif.de\/index.php?rest_route=\/wp\/v2\/types\/post"}],"author":[{"embeddable":true,"href":"https:\/\/hanif.de\/index.php?rest_route=\/wp\/v2\/users\/1"}],"replies":[{"embeddable":true,"href":"https:\/\/hanif.de\/index.php?rest_route=%2Fwp%2Fv2%2Fcomments&post=334"}],"version-history":[{"count":1,"href":"https:\/\/hanif.de\/index.php?rest_route=\/wp\/v2\/posts\/334\/revisions"}],"predecessor-version":[{"id":335,"href":"https:\/\/hanif.de\/index.php?rest_route=\/wp\/v2\/posts\/334\/revisions\/335"}],"wp:attachment":[{"href":"https:\/\/hanif.de\/index.php?rest_route=%2Fwp%2Fv2%2Fmedia&parent=334"}],"wp:term":[{"taxonomy":"category","embeddable":true,"href":"https:\/\/hanif.de\/index.php?rest_route=%2Fwp%2Fv2%2Fcategories&post=334"},{"taxonomy":"post_tag","embeddable":true,"href":"https:\/\/hanif.de\/index.php?rest_route=%2Fwp%2Fv2%2Ftags&post=334"}],"curies":[{"name":"wp","href":"https:\/\/api.w.org\/{rel}","templated":true}]}}